{"id":99,"date":"2013-05-05T15:01:21","date_gmt":"2013-05-05T13:01:21","guid":{"rendered":"http:\/\/www.gremiouniontaxistas.com\/?p=99"},"modified":"2018-07-10T23:56:40","modified_gmt":"2018-07-10T21:56:40","slug":"ayudas-y-subvenciones-para-vehiculos-hibridos-con-gas-natural-y-glp","status":"publish","type":"post","link":"http:\/\/www.gremiouniontaxistas.com\/?p=99","title":{"rendered":"Ayudas y subvenciones para veh\u00edculos h\u00edbridos, Con Gas Natural y GLP"},"content":{"rendered":"<p>Pr\u00f3ximamente el Institut Catal\u00e0 d\u00b4Energia (ICAEN) tiene previsto convocar unas ayudas para proyectos de ahorro y eficiencia energ\u00e9tica. Estas ayudas incluyen subvenciones para los veh\u00edculos anteriormente citados. Las personas que est\u00e9n interesadas en obtener m\u00e1s informaci\u00f3n pueden contactar con el \u00c1rea de Movilidad y Sostenibilidad del IMT, en el tel\u00e9fono 935.069.748 o bien consultar en la Web del ICAEN (<a href=\"http:\/\/www.icaen.net\/\">www.icaen.net<\/a>).<\/p>\n<p>&nbsp;<\/p>\n<p><iframe src=\"https:\/\/www.facebook.com\/plugins\/like.php?href=http:\/\/www.gremiouniontaxistas.com\/?page_id=99)\"\n        scrolling=\"no\" frameborder=\"0\"\n        style=\"border:none; width:450px; height:80px\"><\/iframe><\/p>\n","protected":false},"excerpt":{"rendered":"<p>Pr\u00f3ximamente el Institut Catal\u00e0 d\u00b4Energia (ICAEN) tiene previsto convocar unas ayudas para proyectos de ahorro y eficiencia energ\u00e9tica. Estas ayudas<\/p>\n","protected":false},"author":1,"featured_media":700,"comment_status":"closed","ping_status":"closed","sticky":false,"template":"","format":"standard","meta":{"_bbp_topic_count":0,"_bbp_reply_count":0,"_bbp_total_topic_count":0,"_bbp_total_reply_count":0,"_bbp_voice_count":0,"_bbp_anonymous_reply_count":0,"_bbp_topic_count_hidden":0,"_bbp_reply_count_hidden":0,"_bbp_forum_subforum_count":0,"footnotes":""},"categories":[37],"tags":[],"_links":{"self":[{"href":"http:\/\/www.gremiouniontaxistas.com\/index.php?rest_route=\/wp\/v2\/posts\/99"}],"collection":[{"href":"http:\/\/www.gremiouniontaxistas.com\/index.php?rest_route=\/wp\/v2\/posts"}],"about":[{"href":"http:\/\/www.gremiouniontaxistas.com\/index.php?rest_route=\/wp\/v2\/types\/post"}],"author":[{"embeddable":true,"href":"http:\/\/www.gremiouniontaxistas.com\/index.php?rest_route=\/wp\/v2\/users\/1"}],"replies":[{"embeddable":true,"href":"http:\/\/www.gremiouniontaxistas.com\/index.php?rest_route=%2Fwp%2Fv2%2Fcomments&post=99"}],"version-history":[{"count":3,"href":"http:\/\/www.gremiouniontaxistas.com\/index.php?rest_route=\/wp\/v2\/posts\/99\/revisions"}],"predecessor-version":[{"id":704,"href":"http:\/\/www.gremiouniontaxistas.com\/index.php?rest_route=\/wp\/v2\/posts\/99\/revisions\/704"}],"wp:featuredmedia":[{"embeddable":true,"href":"http:\/\/www.gremiouniontaxistas.com\/index.php?rest_route=\/wp\/v2\/media\/700"}],"wp:attachment":[{"href":"http:\/\/www.gremiouniontaxistas.com\/index.php?rest_route=%2Fwp%2Fv2%2Fmedia&parent=99"}],"wp:term":[{"taxonomy":"category","embeddable":true,"href":"http:\/\/www.gremiouniontaxistas.com\/index.php?rest_route=%2Fwp%2Fv2%2Fcategories&post=99"},{"taxonomy":"post_tag","embeddable":true,"href":"http:\/\/www.gremiouniontaxistas.com\/index.php?rest_route=%2Fwp%2Fv2%2Ftags&post=99"}],"curies":[{"name":"wp","href":"https:\/\/api.w.org\/{rel}","templated":true}]}}