{"id":97,"date":"2013-05-05T15:00:44","date_gmt":"2013-05-05T13:00:44","guid":{"rendered":"http:\/\/www.gremiouniontaxistas.com\/?p=97"},"modified":"2018-07-10T23:55:56","modified_gmt":"2018-07-10T21:55:56","slug":"nueva-area-metropolitana-del-taxi","status":"publish","type":"post","link":"http:\/\/www.gremiouniontaxistas.com\/?p=97","title":{"rendered":"Nueva area metropolitana del taxi"},"content":{"rendered":"<p>El d\u00eda 27 de Julio de 2010, el Parlamento de Catalunya, por unanimidad de los partidos pol\u00edticos, aprueban la recuperaci\u00f3n del \u00c1rea Metropolitana de Barcelona, despu\u00e9s de 23 a\u00f1os de haberla suprimido, la cual tendr\u00e1 las competencias entre otras las del transporte publico y taxis. Intentaremos explicar en que medida nos afectara:<\/p>\n<ol>\n<li>Hasta la fecha, el \u00c1rea Metropolitana, para aclararnos, lo compon\u00edan los siguientes municipios:<\/li>\n<\/ol>\n<p>Badalona, Barcelona, Castelldefels, Cerdanyola del Vall\u00e9s, Cornell\u00e0 de Llobregat, Espulgues de Llobregat, Gav\u00e0, Hospitalet del Llobregat, Molins de Rei, Montcada i Reixac, Montgat, Pallej\u00e0, El Papiol, Prat de Llobregat, Ripollet, Sant Adri\u00e0 del Bes\u00f3s, Sant Boi de Llobregat, Sant Climent de Llobregat, Sant Cugat del Vall\u00e9s, Sant Feliu de Llobregat, Sant Joan Despi, Sant Just Desvern, Sant Vicen\u00e7 dels Horts, Santa Coloma de Cervell\u00f3, Santa Coloma de Gramanet, Tiana, Viladecans.<\/p>\n<p>En total son 27 Ayuntamientos, que en pr\u00f3ximas fechas se van a incorporar 9 Ayuntamientos m\u00e1s, que son los siguientes:<br \/>\nBabia del Vall\u00e9s, Barber\u00e1 del Vall\u00e9s, Begues, Castellbisbal, Cervell\u00f3, Corbera de Llobregat, La Palma de Cervell\u00f3, Sant Andreu de la Barca, Torrelles de Llobregat.<\/p>\n<p>Teniendo en cuenta algunos informes, los cuales aseguran\u00a0 que las licencias son unas 40, aproximadamente, las que pasaran al amarillo y negro, la pregunta seria\u00a0<strong>\u00bfNos beneficia o nos perjudica?<\/strong>\u00a0 pues, por lo pronto, aumentan las licencias para dar servicio a una poblaci\u00f3n cifrada en 3.218.071 habitantes.<\/p>\n<p> <iframe src=\"https:\/\/www.facebook.com\/plugins\/like.php?href=http:\/\/www.gremiouniontaxistas.com\/?page_id=97)\"\n        scrolling=\"no\" frameborder=\"0\"\n        style=\"border:none; width:450px; height:80px\"><\/iframe><\/p>\n","protected":false},"excerpt":{"rendered":"<p>El d\u00eda 27 de Julio de 2010, el Parlamento de Catalunya, por unanimidad de los partidos pol\u00edticos, aprueban la recuperaci\u00f3n<\/p>\n","protected":false},"author":1,"featured_media":695,"comment_status":"closed","ping_status":"closed","sticky":false,"template":"","format":"standard","meta":{"_bbp_topic_count":0,"_bbp_reply_count":0,"_bbp_total_topic_count":0,"_bbp_total_reply_count":0,"_bbp_voice_count":0,"_bbp_anonymous_reply_count":0,"_bbp_topic_count_hidden":0,"_bbp_reply_count_hidden":0,"_bbp_forum_subforum_count":0,"footnotes":""},"categories":[37],"tags":[],"_links":{"self":[{"href":"http:\/\/www.gremiouniontaxistas.com\/index.php?rest_route=\/wp\/v2\/posts\/97"}],"collection":[{"href":"http:\/\/www.gremiouniontaxistas.com\/index.php?rest_route=\/wp\/v2\/posts"}],"about":[{"href":"http:\/\/www.gremiouniontaxistas.com\/index.php?rest_route=\/wp\/v2\/types\/post"}],"author":[{"embeddable":true,"href":"http:\/\/www.gremiouniontaxistas.com\/index.php?rest_route=\/wp\/v2\/users\/1"}],"replies":[{"embeddable":true,"href":"http:\/\/www.gremiouniontaxistas.com\/index.php?rest_route=%2Fwp%2Fv2%2Fcomments&post=97"}],"version-history":[{"count":3,"href":"http:\/\/www.gremiouniontaxistas.com\/index.php?rest_route=\/wp\/v2\/posts\/97\/revisions"}],"predecessor-version":[{"id":706,"href":"http:\/\/www.gremiouniontaxistas.com\/index.php?rest_route=\/wp\/v2\/posts\/97\/revisions\/706"}],"wp:featuredmedia":[{"embeddable":true,"href":"http:\/\/www.gremiouniontaxistas.com\/index.php?rest_route=\/wp\/v2\/media\/695"}],"wp:attachment":[{"href":"http:\/\/www.gremiouniontaxistas.com\/index.php?rest_route=%2Fwp%2Fv2%2Fmedia&parent=97"}],"wp:term":[{"taxonomy":"category","embeddable":true,"href":"http:\/\/www.gremiouniontaxistas.com\/index.php?rest_route=%2Fwp%2Fv2%2Fcategories&post=97"},{"taxonomy":"post_tag","embeddable":true,"href":"http:\/\/www.gremiouniontaxistas.com\/index.php?rest_route=%2Fwp%2Fv2%2Ftags&post=97"}],"curies":[{"name":"wp","href":"https:\/\/api.w.org\/{rel}","templated":true}]}}