{"id":100,"date":"2013-05-05T15:01:36","date_gmt":"2013-05-05T13:01:36","guid":{"rendered":"http:\/\/www.gremiouniontaxistas.com\/?p=100"},"modified":"2018-07-10T23:57:13","modified_gmt":"2018-07-10T21:57:13","slug":"aumento-del-iva","status":"publish","type":"post","link":"http:\/\/www.gremiouniontaxistas.com\/?p=100","title":{"rendered":"Aumento del IVA"},"content":{"rendered":"<p>En referencia al tema del aumento del IVA, que a todos nos preocupa, os informamos que seg\u00fan el I.M.T.\u00a0<strong><span style=\"text-decoration: underline;\">no se va a realizar ninguna modificaci\u00f3n en los tax\u00edmetros hasta el pr\u00f3ximo cambio de tarifas en diciembre<\/span><\/strong>. La recomendaci\u00f3n que dan es que se modifique el recibo de las impresoras indicando \u201cIVA incluido\u201d, en lugar del 7% de IVA, que actualmente aparece.<\/p>\n<p>&nbsp;<\/p>\n","protected":false},"excerpt":{"rendered":"<p>En referencia al tema del aumento del IVA, que a todos nos preocupa, os informamos que seg\u00fan el I.M.T.\u00a0no se<\/p>\n","protected":false},"author":1,"featured_media":94,"comment_status":"closed","ping_status":"closed","sticky":false,"template":"","format":"standard","meta":{"_bbp_topic_count":0,"_bbp_reply_count":0,"_bbp_total_topic_count":0,"_bbp_total_reply_count":0,"_bbp_voice_count":0,"_bbp_anonymous_reply_count":0,"_bbp_topic_count_hidden":0,"_bbp_reply_count_hidden":0,"_bbp_forum_subforum_count":0,"footnotes":""},"categories":[6],"tags":[],"_links":{"self":[{"href":"http:\/\/www.gremiouniontaxistas.com\/index.php?rest_route=\/wp\/v2\/posts\/100"}],"collection":[{"href":"http:\/\/www.gremiouniontaxistas.com\/index.php?rest_route=\/wp\/v2\/posts"}],"about":[{"href":"http:\/\/www.gremiouniontaxistas.com\/index.php?rest_route=\/wp\/v2\/types\/post"}],"author":[{"embeddable":true,"href":"http:\/\/www.gremiouniontaxistas.com\/index.php?rest_route=\/wp\/v2\/users\/1"}],"replies":[{"embeddable":true,"href":"http:\/\/www.gremiouniontaxistas.com\/index.php?rest_route=%2Fwp%2Fv2%2Fcomments&post=100"}],"version-history":[{"count":5,"href":"http:\/\/www.gremiouniontaxistas.com\/index.php?rest_route=\/wp\/v2\/posts\/100\/revisions"}],"predecessor-version":[{"id":703,"href":"http:\/\/www.gremiouniontaxistas.com\/index.php?rest_route=\/wp\/v2\/posts\/100\/revisions\/703"}],"wp:featuredmedia":[{"embeddable":true,"href":"http:\/\/www.gremiouniontaxistas.com\/index.php?rest_route=\/wp\/v2\/media\/94"}],"wp:attachment":[{"href":"http:\/\/www.gremiouniontaxistas.com\/index.php?rest_route=%2Fwp%2Fv2%2Fmedia&parent=100"}],"wp:term":[{"taxonomy":"category","embeddable":true,"href":"http:\/\/www.gremiouniontaxistas.com\/index.php?rest_route=%2Fwp%2Fv2%2Fcategories&post=100"},{"taxonomy":"post_tag","embeddable":true,"href":"http:\/\/www.gremiouniontaxistas.com\/index.php?rest_route=%2Fwp%2Fv2%2Ftags&post=100"}],"curies":[{"name":"wp","href":"https:\/\/api.w.org\/{rel}","templated":true}]}}